{"id":3016,"date":"2023-03-22T15:48:29","date_gmt":"2023-03-22T13:48:29","guid":{"rendered":"https:\/\/rotes-nowawes.de\/?p=3016"},"modified":"2023-03-30T15:50:14","modified_gmt":"2023-03-30T13:50:14","slug":"geschichtswerkstatt-ist-eingetragener-verein","status":"publish","type":"post","link":"https:\/\/rotes-nowawes.de\/?p=3016","title":{"rendered":"Geschichtswerkstatt ist eingetragener Verein"},"content":{"rendered":"\n<p>Mit einem Schreiben des Amtsgericht Potsdams vom 14.03.2023 ist die Geschichtswerkstatt Rotes Nowawes nun ein eingetragener Verein und am 13.03.2023 in das Vereinsregister eingetragen worden. Die Vereinsgr\u00fcndung erfolgte am 21.10.2022 im Babelsberger Heidehaus. Mit der Vereinsgr\u00fcndung als eingetragener Verein und einer potentiellen Gemeinn\u00fctzigkeit soll die Arbeit der Geschichtswerkstatt Rotes Nowawes auf ein sicheres finanzielles und juristisches Fundament gestellt werden.<\/p>\n\n\n\n<figure class=\"wp-block-image size-large\"><img loading=\"lazy\" decoding=\"async\" width=\"1024\" height=\"610\" src=\"https:\/\/rotes-nowawes.de\/wp-content\/uploads\/2023\/03\/GRN-Registerportal-1024x610.jpg\" alt=\"\" class=\"wp-image-3017\" srcset=\"https:\/\/rotes-nowawes.de\/wp-content\/uploads\/2023\/03\/GRN-Registerportal-1024x610.jpg 1024w, https:\/\/rotes-nowawes.de\/wp-content\/uploads\/2023\/03\/GRN-Registerportal-300x179.jpg 300w, https:\/\/rotes-nowawes.de\/wp-content\/uploads\/2023\/03\/GRN-Registerportal-768x458.jpg 768w, https:\/\/rotes-nowawes.de\/wp-content\/uploads\/2023\/03\/GRN-Registerportal-1536x915.jpg 1536w, https:\/\/rotes-nowawes.de\/wp-content\/uploads\/2023\/03\/GRN-Registerportal.jpg 1549w\" sizes=\"auto, (max-width: 767px) 89vw, (max-width: 1000px) 54vw, (max-width: 1071px) 543px, 580px\" \/><figcaption class=\"wp-element-caption\">Screenshot vom Registerportal mit der Eintragung der Geschichtswerkstatt Rotes Nowawes<\/figcaption><\/figure>\n","protected":false},"excerpt":{"rendered":"<p>Mit einem Schreiben des Amtsgericht Potsdams vom 14.03.2023 ist die Geschichtswerkstatt Rotes Nowawes nun ein eingetragener Verein und am 13.03.2023 in das Vereinsregister eingetragen worden. Die Vereinsgr\u00fcndung erfolgte am 21.10.2022 im Babelsberger Heidehaus. Mit der Vereinsgr\u00fcndung als eingetragener Verein und einer potentiellen Gemeinn\u00fctzigkeit soll die Arbeit der Geschichtswerkstatt Rotes Nowawes auf ein sicheres finanzielles und &hellip; <\/p>\n<p class=\"link-more\"><a href=\"https:\/\/rotes-nowawes.de\/?p=3016\" class=\"more-link\"><span class=\"screen-reader-text\">\u201eGeschichtswerkstatt ist eingetragener Verein\u201c <\/span>weiterlesen<\/a><\/p>\n","protected":false},"author":2,"featured_media":0,"comment_status":"closed","ping_status":"closed","sticky":false,"template":"","format":"standard","meta":{"footnotes":""},"categories":[1],"tags":[],"class_list":["post-3016","post","type-post","status-publish","format-standard","hentry","category-uncategorized"],"_links":{"self":[{"href":"https:\/\/rotes-nowawes.de\/index.php?rest_route=\/wp\/v2\/posts\/3016","targetHints":{"allow":["GET"]}}],"collection":[{"href":"https:\/\/rotes-nowawes.de\/index.php?rest_route=\/wp\/v2\/posts"}],"about":[{"href":"https:\/\/rotes-nowawes.de\/index.php?rest_route=\/wp\/v2\/types\/post"}],"author":[{"embeddable":true,"href":"https:\/\/rotes-nowawes.de\/index.php?rest_route=\/wp\/v2\/users\/2"}],"replies":[{"embeddable":true,"href":"https:\/\/rotes-nowawes.de\/index.php?rest_route=%2Fwp%2Fv2%2Fcomments&post=3016"}],"version-history":[{"count":1,"href":"https:\/\/rotes-nowawes.de\/index.php?rest_route=\/wp\/v2\/posts\/3016\/revisions"}],"predecessor-version":[{"id":3018,"href":"https:\/\/rotes-nowawes.de\/index.php?rest_route=\/wp\/v2\/posts\/3016\/revisions\/3018"}],"wp:attachment":[{"href":"https:\/\/rotes-nowawes.de\/index.php?rest_route=%2Fwp%2Fv2%2Fmedia&parent=3016"}],"wp:term":[{"taxonomy":"category","embeddable":true,"href":"https:\/\/rotes-nowawes.de\/index.php?rest_route=%2Fwp%2Fv2%2Fcategories&post=3016"},{"taxonomy":"post_tag","embeddable":true,"href":"https:\/\/rotes-nowawes.de\/index.php?rest_route=%2Fwp%2Fv2%2Ftags&post=3016"}],"curies":[{"name":"wp","href":"https:\/\/api.w.org\/{rel}","templated":true}]}}